{"id":12678,"date":"2025-02-17T12:54:47","date_gmt":"2025-02-17T11:54:47","guid":{"rendered":"https:\/\/www.kaethe-kollwitz.berlin\/?p=12678"},"modified":"2025-02-18T15:47:16","modified_gmt":"2025-02-18T14:47:16","slug":"richard-scheibe","status":"publish","type":"post","link":"https:\/\/www.kaethe-kollwitz.berlin\/en\/news\/richard-scheibe\/","title":{"rendered":"Richard Scheibe"},"content":{"rendered":"<div class=\"wpb-content-wrapper\"><p>[vc_row type=&#8221;vc_default&#8221; gap=&#8221;35&#8243;][vc_column width=&#8221;1\/4&#8243;][vc_column_text css=&#8221;.vc_custom_1739792850769{margin-right: 50px !important;padding-right: 50px !important;}&#8221;]<strong>LECTURE &amp; GUIDED TOUR<\/strong><\/p>\n<p><strong>on February 20, 2025\u00a0 <\/strong><\/p>\n<p><strong>1t 18:00<\/strong><\/p>\n<p>Entrance free[\/vc_column_text][vc_column_text css=&#8221;&#8221;]<strong>Venue:<\/strong><\/p>\n<p><a href=\"https:\/\/kunsthaus-dahlem.de\/das-programm\/kuenstlerbund-vortrag-dr-josephine-gabler\/\" target=\"_blank\" rel=\"noopener\">Kunsthaus Dahlem<\/a>[\/vc_column_text]<div class=\"ult-spacer spacer-69f391e61dc4f\" data-id=\"69f391e61dc4f\" data-height=\"50\" data-height-mobile=\"50\" data-height-tab=\"50\" data-height-tab-portrait=\"\" data-height-mobile-landscape=\"\" style=\"clear:both;display:block;\"><\/div>[\/vc_column][vc_column width=&#8221;3\/4&#8243;][vc_column_text css=&#8221;.vc_custom_1739792764461{padding-right: 50px !important;}&#8221;]<strong>A sculptor in four political systems<\/strong>[\/vc_column_text][vc_column_text css=&#8221;.vc_custom_1739792738990{margin-right: 50px !important;padding-right: 50px !important;}&#8221;]<strong>Dr Dorothea Sch\u00f6ne<\/strong>, Director of the Kunsthaus Dahlem, and <strong>Dr Josephine Gabler<\/strong>, Director of the K\u00e4the Kollwitz Museum, invite you to a special tour as part of the exhibition <em>Pictures and Times &#8211; 75 Years of the Deutscher K\u00fcnstlerbund<\/em>.<\/p>\n<p>The evening will begin with a short lecture by Josephine Gabler on the sculptor Richard Scheibe (1879-1964). Scheibe was a member of the artists&#8217; association founded in 1903, which was re-established in 1950 after being banned in 1936. Following the lecture, Dorothea Sch\u00f6ne will give a guided tour of the exhibition and show the artistic changes that former members such as Richard Scheibe had to face.[\/vc_column_text][vc_separator][vc_row_inner][vc_column_inner width=&#8221;1\/2&#8243;][vc_single_image image=&#8221;12648&#8243; img_size=&#8221;full&#8221; onclick=&#8221;img_link_large&#8221; css=&#8221;.vc_custom_1739790810879{padding-right: 25px !important;}&#8221;][\/vc_column_inner][vc_column_inner width=&#8221;1\/2&#8243;][vc_column_text css=&#8221;.vc_custom_1739792899738{margin-right: 50px !important;padding-right: 50px !important;}&#8221;]The sculptor Richard Scheibe initially studied painting in Dresden. After spending time in Munich and Italy, where he met Georg Kolbe, he moved to Berlin in 1904 and switched to sculpture. Together with Gerhard Marcks, he taught himself the techniques of sculpture, initially focussing on animal sculptures.<\/p>\n<p>Architectural sculpture and interior decorations also played an important role in his early work. From 1925, after being appointed to the art school in Frankfurt am Main, he devoted himself increasingly to the nude figure.[\/vc_column_text][\/vc_column_inner][\/vc_row_inner][vc_separator][vc_row_inner][vc_column_inner width=&#8221;2\/3&#8243;][vc_column_text css=&#8221;.vc_custom_1739793000348{margin-right: 50px !important;padding-right: 50px !important;}&#8221;]In the mid-1930s, he returned to Berlin and took over the master class for sculpture at the Academy of Fine Arts. In 1945, he was appointed to the Academy of Fine Arts and taught there until his retirement in 1951.<\/p>\n<p>Until his death, Scheibe received numerous public commissions, such as the <em>Memorial to the Victims of 20 July 1944<\/em> or the Fortuna figure on the tower dome of Charlottenburg Palace.[\/vc_column_text][vc_column_text css=&#8221;&#8221;]<\/p>\n<p style=\"text-align: right;\">Richard Scheibe, <em>Memorial to the Victims of July 20, 1944<\/em>,<br \/>\noriginal installation from the 1950s<br \/>\n(In: Wolfgang Ruppert (Hg.): Blend\u00adwerke.<br \/>\nK\u00fcnstler\u00adbiografien zwischen National\u00adsozialismus,<br \/>\nWider\u00adstand und der Neu\u00adorientierung<br \/>\nin der Nach\u00adkriegs\u00adzeit, Berlin 2024.)<\/p>\n<p>[\/vc_column_text][\/vc_column_inner][vc_column_inner width=&#8221;1\/3&#8243;][vc_single_image image=&#8221;12653&#8243; img_size=&#8221;full&#8221; onclick=&#8221;img_link_large&#8221; css=&#8221;.vc_custom_1739791375804{padding-right: 25px !important;}&#8221;][\/vc_column_inner][\/vc_row_inner][vc_separator][vc_column_text css=&#8221;&#8221;]Registration is requested via mail to <a href=\"mailto:info@kunsthaus-dahlem.de\">info@kunsthaus-dahlem.de<\/a><\/p>\n<p>Participation is free of charge.[\/vc_column_text][vc_separator][vc_row_inner][vc_column_inner width=&#8221;2\/3&#8243;][vc_single_image image=&#8221;12661&#8243; img_size=&#8221;full&#8221; onclick=&#8221;link_image&#8221; css=&#8221;&#8221;][vc_column_text css=&#8221;&#8221;]<em>Industrie\u00adpark H\u00f6chst Behrens\u00adbau: Exhibition room with worker statue by Richard Scheibe (Wiki\u00admedia Commons, Eva K., GNU Free Documentation License 1.2)<\/em><\/p>\n<p>[\/vc_column_text][\/vc_column_inner][vc_column_inner width=&#8221;1\/3&#8243;][\/vc_column_inner][\/vc_row_inner][vc_separator]<div class=\"ult-spacer spacer-69f391e61dcb7\" data-id=\"69f391e61dcb7\" data-height=\"25\" data-height-mobile=\"25\" data-height-tab=\"25\" data-height-tab-portrait=\"\" data-height-mobile-landscape=\"\" style=\"clear:both;display:block;\"><\/div>[vc_row_inner disable_element=&#8221;yes&#8221;][vc_column_inner width=&#8221;1\/2&#8243;][vc_column_text]<\/p>\n<div class=\"wpb_text_column wpb_content_element \">\n<div class=\"wpb_wrapper\">\n<p>Workshop<\/p>\n<h3>DRUCKWERKSTATT<\/h3>\n<\/div>\n<\/div>\n<p>[\/vc_column_text][vc_single_image image=&#8221;5998&#8243; img_size=&#8221;300&#215;294&#8243;][vc_column_text css=&#8221;.vc_custom_1648673401236{margin-right: 25px !important;border-right-width: 25px !important;}&#8221;]<\/p>\n<div class=\"wpb_text_column wpb_content_element \">\n<div class=\"wpb_wrapper\">\n<p><strong>12.00 bis 15.00 Uhr<\/strong><\/p>\n<p>K\u00e4the Kollwitz hat nicht nur Bilder gezeichnet, sondern auch Druckgraphiken hergestellt &#8211; zum Beispiel f\u00fcr Flugbl\u00e4tter und Plakate, wie ihr ber\u00fchmtes Plakat &#8220;Nie wieder Krieg!&#8221;.<\/p>\n<p>Im Workshop gibt es n\u00e4heres \u00fcber k\u00fcnstlerische Drucktechniken zu erfahren, Bildbeispiele von K\u00e4the Kollwitz in der Ausstellung zu sehen und die gro\u00dfe Ausdruckskraft dieser Bildsprache kennenzulernen. Anschlie\u00dfend k\u00f6nnen eigene Werke mit einem \u00e4hnlichen Verfahren gestaltet und sich dabei so richtig ausgedruckt werden!<\/p>\n<p>Der Workshop wird in Kooperation mit <em>Jugend Im Museum<\/em>\u00a0e.V. angeboten.<\/p>\n<p>&nbsp;<\/p>\n<p><strong>Drop-In-Angebot<\/strong><\/p>\n<p>Bringen Sie min. 1 Stunde Arbeits\u00adzeit mit.<br \/>\nZeit\u00ad\u00adgleich k\u00f6nnen maximal\u00a0drei Familien oder\u00a0Haus\u00ad\u00adhalte teil\u00ad\u00adnehmen.<\/p>\n<p>&nbsp;<\/p>\n<p><b>Sprachen:<\/b> Deutsch, Spanisch<\/p>\n<p><b>Altersempfehlung:<\/b> Ab 8 Jahren<\/p>\n<\/div>\n<\/div>\n<p>[\/vc_column_text][\/vc_column_inner][vc_column_inner width=&#8221;1\/2&#8243;][vc_column_text]<\/p>\n<div class=\"wpb_text_column wpb_content_element \">\n<div class=\"wpb_wrapper\">\n<p>Digitaler Begleiter<\/p>\n<h3>KOLLWITZ-GUIDE<\/h3>\n<\/div>\n<\/div>\n<p>[\/vc_column_text][vc_single_image image=&#8221;6086&#8243; img_size=&#8221;full&#8221;][vc_column_text]<\/p>\n<div>\n<p><strong>11.00 bis 16.00 Uhr<\/strong><\/p>\n<p>Individuell und anspruchsvoll begleitet, kann man kontaktlos mit dem <strong>Kollwitz-Guide<\/strong> durch die R\u00e4ume der Dauerausstellung streifen.<\/p>\n<p>Mit spannenden kulturhistorischen und biografischen Hintergrundinformationen werden die Zeichnungen, Graphiken und Plastiken von K\u00e4the Kollwitz in den zeitlichen Kontext gesetzt.<\/p>\n<p>Der Multimedia-Guide ist bequem auf dem eigenen Smartphone im Browser zu \u00f6ffnen \u2013 eine App zu installieren ist nicht notwendig.<\/p>\n<p>&nbsp;<\/p>\n<p><b>Sprachen:<\/b> Englisch, Deutsch<\/p>\n<\/div>\n<p>[\/vc_column_text][\/vc_column_inner][\/vc_row_inner]<div class=\"ult-spacer spacer-69f391e61dced\" data-id=\"69f391e61dced\" data-height=\"50\" data-height-mobile=\"50\" data-height-tab=\"50\" data-height-tab-portrait=\"\" data-height-mobile-landscape=\"\" style=\"clear:both;display:block;\"><\/div>[\/vc_column][\/vc_row]<\/p>\n<\/div>","protected":false},"excerpt":{"rendered":"<p>LECTURE &#038; GUIDED TOUR<\/p>\n<p>Dr Josephine Gabler talks about the artist Richard Scheibe as part of the exhibition &#8220;Bilder und Zeiten &#8211; 75 Jahre Deutscher K\u00fcnstlerbund&#8221; at the Kunsthaus Dahlem. Afterwards, museum director Dr Dorothea Sch\u00f6ne invites you on a special tour of the Kunsthaus.<\/p>\n<p>Thursday, February 20, 2025<br \/>\nat 18:00, Kunsthaus Dahlem<br \/>\nEntrance free, registration is requested<\/p>\n","protected":false},"author":2,"featured_media":12649,"comment_status":"closed","ping_status":"closed","sticky":false,"template":"","format":"standard","meta":{"footnotes":""},"categories":[14],"tags":[],"class_list":["post-12678","post","type-post","status-publish","format-standard","has-post-thumbnail","hentry","category-news","category-14","description-off"],"_links":{"self":[{"href":"https:\/\/www.kaethe-kollwitz.berlin\/en\/wp-json\/wp\/v2\/posts\/12678","targetHints":{"allow":["GET"]}}],"collection":[{"href":"https:\/\/www.kaethe-kollwitz.berlin\/en\/wp-json\/wp\/v2\/posts"}],"about":[{"href":"https:\/\/www.kaethe-kollwitz.berlin\/en\/wp-json\/wp\/v2\/types\/post"}],"author":[{"embeddable":true,"href":"https:\/\/www.kaethe-kollwitz.berlin\/en\/wp-json\/wp\/v2\/users\/2"}],"replies":[{"embeddable":true,"href":"https:\/\/www.kaethe-kollwitz.berlin\/en\/wp-json\/wp\/v2\/comments?post=12678"}],"version-history":[{"count":3,"href":"https:\/\/www.kaethe-kollwitz.berlin\/en\/wp-json\/wp\/v2\/posts\/12678\/revisions"}],"predecessor-version":[{"id":12684,"href":"https:\/\/www.kaethe-kollwitz.berlin\/en\/wp-json\/wp\/v2\/posts\/12678\/revisions\/12684"}],"wp:featuredmedia":[{"embeddable":true,"href":"https:\/\/www.kaethe-kollwitz.berlin\/en\/wp-json\/wp\/v2\/media\/12649"}],"wp:attachment":[{"href":"https:\/\/www.kaethe-kollwitz.berlin\/en\/wp-json\/wp\/v2\/media?parent=12678"}],"wp:term":[{"taxonomy":"category","embeddable":true,"href":"https:\/\/www.kaethe-kollwitz.berlin\/en\/wp-json\/wp\/v2\/categories?post=12678"},{"taxonomy":"post_tag","embeddable":true,"href":"https:\/\/www.kaethe-kollwitz.berlin\/en\/wp-json\/wp\/v2\/tags?post=12678"}],"curies":[{"name":"wp","href":"https:\/\/api.w.org\/{rel}","templated":true}]}}